{"id":1503,"date":"2017-03-08T09:30:26","date_gmt":"2017-03-08T08:30:26","guid":{"rendered":"https:\/\/www.bergheim-tourismus.at\/blog\/?p=1503"},"modified":"2017-03-02T14:14:05","modified_gmt":"2017-03-02T13:14:05","slug":"bergheimer-die-dahinter-stecken-herbert-kainzner","status":"publish","type":"post","link":"https:\/\/www.bergheim-tourismus.at\/blog\/2017\/03\/08\/bergheimer-die-dahinter-stecken-herbert-kainzner\/","title":{"rendered":"Bergheimer, die dahinter stecken &#8211; Herbert Kainzner"},"content":{"rendered":"<p><strong>Herbert Kainzner, \u201eWegmacher\u201c in der Gemeinde Bergheim<\/strong><strong>\u00a0<\/strong><\/p>\n<p><strong>Was macht f\u00fcr Sie ein ansprechendes Ortsbild aus und wie viel Arbeit steckt eigentlich dahinter?<br \/>\n<\/strong>Mir ist wichtig, dass es im gesamten Gemeindegebiet sauber ist, weil das der erste Eindruck f\u00fcr jeden Bergheimer und unsere G\u00e4ste ist. Das wird auch weitererz\u00e4hlt und auch das tr\u00e4gt zur Werbung bei.<br \/>\nIm Prinzip sind wir das ganze Jahr \u00fcber im Einsatz. Wir haben viele Radwege und Gehsteige, auch st\u00e4rker frequentierte, wie die an Salzach und Fischach. Es muss immer alles befahr- und begehbar sein. Besondere Herausforderungen sind z.B. Biberb\u00e4ume entlang vom Salzachradweg. Die kleinen Nager haben schon so manch dicken Baum \u00fcber Nacht zum F\u00e4llen gebracht. Das erfahren wir dann von der Polizei oder Gemeinde und m\u00fcssen in den Soforteinsatz.<br \/>\nWas wir machen, ist im Prinzip die grunds\u00e4tzliche Sauberkeit. Dazu geh\u00f6rt f\u00fcr permanente Begehbarkeit auf Schotter- und Stra\u00dfenwegen sorgen, Rasen m\u00e4hen, Unkraut beseitigen, B\u00e4ume\/Str\u00e4ucher schneiden, wilde M\u00fcllablagerungen abtransportieren usw. Wir m\u00fcssen auch die \u00fcber 800 Verkehrs- sowie Wander- und Radschilder in Stand halten. Au\u00dferdem helfen wir bei Veranstaltungen mit, von denen es dank der regen Vereinst\u00e4tigkeit in Bergheim viele gibt. Selbst in meiner Freizeit gehe ich mit \u201ediesem Blick\u201c durch unser Dorf und schreib schon die Liste f\u00fcr den n\u00e4chsten Arbeitstag.<\/p>\n<p>Privat bin ich bei Freiwilligen Feuerwehr. Wenn wir Hochwasser- oder Sturmsch\u00e4den haben, bin ich beidseits gefordert: im meinem Job und als Feuerwehrmann.<\/p>\n<p><strong>Welche Orte in Bergheim finden Sie besonders sch\u00f6n?<br \/>\n<\/strong>Am Plainberg gef\u00e4llt mir der Berg genauso gut wie die Aussicht auf die Stadt Salzburg. Wenn nach Silvester an den Stellen, wo die Leute gerne unter freiem Himmel feiern, leere H\u00fclsen liegen bleiben, geht\u2019s f\u00fcr uns am 1. J\u00e4nner in die \u201eSonderschicht\u201c. Sobald es hell ist, gehe ich dann gemeinsam mit dem Mesner alles einsammeln, bevor die ersten Kirchgeher kommen. So ruhig wie an diesem Tag ist es selbst dort oben selten.<\/p>\n<p>Am Voggenberg gefallen mir die beiden Seen (Anmerkung: Ragginger und Luginger See) am besten. Da und am Plainberg bin ich am liebsten.<\/p>\n","protected":false},"excerpt":{"rendered":"<p>Herbert Kainzner, \u201eWegmacher\u201c in der Gemeinde Bergheim\u00a0 Was macht f\u00fcr Sie ein ansprechendes Ortsbild aus und wie viel Arbeit steckt eigentlich dahinter? Mir ist wichtig, dass es im gesamten Gemeindegebiet sauber ist, weil das der erste Eindruck f\u00fcr jeden Bergheimer<\/p>\n<p><a class=\"more-link\" href=\"https:\/\/www.bergheim-tourismus.at\/blog\/2017\/03\/08\/bergheimer-die-dahinter-stecken-herbert-kainzner\/\">weiterlesen<\/a><\/p>\n","protected":false},"author":2,"featured_media":1518,"comment_status":"closed","ping_status":"open","sticky":false,"template":"","format":"standard","meta":{"footnotes":""},"categories":[1],"tags":[7,84,83,85],"class_list":["post-1503","post","type-post","status-publish","format-standard","has-post-thumbnail","hentry","category-allgemein","tag-bergheim","tag-gemeinde-bergheim","tag-herbert-kainzner","tag-ortsbild-bergheim"],"_links":{"self":[{"href":"https:\/\/www.bergheim-tourismus.at\/blog\/wp-json\/wp\/v2\/posts\/1503","targetHints":{"allow":["GET"]}}],"collection":[{"href":"https:\/\/www.bergheim-tourismus.at\/blog\/wp-json\/wp\/v2\/posts"}],"about":[{"href":"https:\/\/www.bergheim-tourismus.at\/blog\/wp-json\/wp\/v2\/types\/post"}],"author":[{"embeddable":true,"href":"https:\/\/www.bergheim-tourismus.at\/blog\/wp-json\/wp\/v2\/users\/2"}],"replies":[{"embeddable":true,"href":"https:\/\/www.bergheim-tourismus.at\/blog\/wp-json\/wp\/v2\/comments?post=1503"}],"version-history":[{"count":5,"href":"https:\/\/www.bergheim-tourismus.at\/blog\/wp-json\/wp\/v2\/posts\/1503\/revisions"}],"predecessor-version":[{"id":1526,"href":"https:\/\/www.bergheim-tourismus.at\/blog\/wp-json\/wp\/v2\/posts\/1503\/revisions\/1526"}],"wp:featuredmedia":[{"embeddable":true,"href":"https:\/\/www.bergheim-tourismus.at\/blog\/wp-json\/wp\/v2\/media\/1518"}],"wp:attachment":[{"href":"https:\/\/www.bergheim-tourismus.at\/blog\/wp-json\/wp\/v2\/media?parent=1503"}],"wp:term":[{"taxonomy":"category","embeddable":true,"href":"https:\/\/www.bergheim-tourismus.at\/blog\/wp-json\/wp\/v2\/categories?post=1503"},{"taxonomy":"post_tag","embeddable":true,"href":"https:\/\/www.bergheim-tourismus.at\/blog\/wp-json\/wp\/v2\/tags?post=1503"}],"curies":[{"name":"wp","href":"https:\/\/api.w.org\/{rel}","templated":true}]}}