{"id":1560,"date":"2017-04-19T12:00:02","date_gmt":"2017-04-19T10:00:02","guid":{"rendered":"https:\/\/www.bergheim-tourismus.at\/blog\/?p=1560"},"modified":"2017-04-19T15:43:25","modified_gmt":"2017-04-19T13:43:25","slug":"wald-wiese-im-braeuwirth","status":"publish","type":"post","link":"https:\/\/www.bergheim-tourismus.at\/blog\/2017\/04\/19\/wald-wiese-im-braeuwirth\/","title":{"rendered":"Wald &#038; Wiese im Br\u00e4uwirth"},"content":{"rendered":"<p>NEU!<br \/>\nAm\u00a0Freitag, 21. April startet das erste &#8222;Bergheimer Wildkr\u00e4uter 3-G\u00e4nge-Men\u00fc&#8220; beim Br\u00e4uwirth.<br \/>\nIn Zusammenarbeit mit den zertifizierten Kr\u00e4uterp\u00e4dagoginnen vom Verein &#8222;Kr\u00e4uterschnecken&#8220; zaubert K\u00fcchenchef Bruno ein leichtes Men\u00fc mit frischen Kr\u00e4utern von Wiesen und W\u00e4ldern!<\/p>\n<p>Wann &amp; Wo?<br \/>\nJeden Freitag bis ca. Ende September, 18.30 Uhr, Br\u00e4uwirth in Lengfelden<br \/>\n\u20ac 24,90 pro Person inkl. Aperitif<br \/>\nunbedingt telefonisch reservieren!<br \/>\n#enjoyBergheim !<\/p>\n","protected":false},"excerpt":{"rendered":"<p>NEU! Am\u00a0Freitag, 21. April startet das erste &#8222;Bergheimer Wildkr\u00e4uter 3-G\u00e4nge-Men\u00fc&#8220; beim Br\u00e4uwirth. In Zusammenarbeit mit den zertifizierten Kr\u00e4uterp\u00e4dagoginnen vom Verein &#8222;Kr\u00e4uterschnecken&#8220; zaubert K\u00fcchenchef Bruno ein leichtes Men\u00fc mit frischen Kr\u00e4utern von Wiesen und W\u00e4ldern! Wann &amp; Wo? Jeden Freitag bis<\/p>\n<p><a class=\"more-link\" href=\"https:\/\/www.bergheim-tourismus.at\/blog\/2017\/04\/19\/wald-wiese-im-braeuwirth\/\">weiterlesen<\/a><\/p>\n","protected":false},"author":2,"featured_media":0,"comment_status":"closed","ping_status":"open","sticky":false,"template":"","format":"gallery","meta":{"footnotes":""},"categories":[1],"tags":[7,98,100,99],"class_list":["post-1560","post","type-post","status-publish","format-gallery","hentry","category-allgemein","tag-bergheim","tag-bergheimer-wildkraeuter","tag-braeuwirth","tag-kraeutermenue","post_format-post-format-gallery"],"_links":{"self":[{"href":"https:\/\/www.bergheim-tourismus.at\/blog\/wp-json\/wp\/v2\/posts\/1560","targetHints":{"allow":["GET"]}}],"collection":[{"href":"https:\/\/www.bergheim-tourismus.at\/blog\/wp-json\/wp\/v2\/posts"}],"about":[{"href":"https:\/\/www.bergheim-tourismus.at\/blog\/wp-json\/wp\/v2\/types\/post"}],"author":[{"embeddable":true,"href":"https:\/\/www.bergheim-tourismus.at\/blog\/wp-json\/wp\/v2\/users\/2"}],"replies":[{"embeddable":true,"href":"https:\/\/www.bergheim-tourismus.at\/blog\/wp-json\/wp\/v2\/comments?post=1560"}],"version-history":[{"count":4,"href":"https:\/\/www.bergheim-tourismus.at\/blog\/wp-json\/wp\/v2\/posts\/1560\/revisions"}],"predecessor-version":[{"id":1621,"href":"https:\/\/www.bergheim-tourismus.at\/blog\/wp-json\/wp\/v2\/posts\/1560\/revisions\/1621"}],"wp:attachment":[{"href":"https:\/\/www.bergheim-tourismus.at\/blog\/wp-json\/wp\/v2\/media?parent=1560"}],"wp:term":[{"taxonomy":"category","embeddable":true,"href":"https:\/\/www.bergheim-tourismus.at\/blog\/wp-json\/wp\/v2\/categories?post=1560"},{"taxonomy":"post_tag","embeddable":true,"href":"https:\/\/www.bergheim-tourismus.at\/blog\/wp-json\/wp\/v2\/tags?post=1560"}],"curies":[{"name":"wp","href":"https:\/\/api.w.org\/{rel}","templated":true}]}}