{"id":1795,"date":"2017-08-02T12:00:41","date_gmt":"2017-08-02T10:00:41","guid":{"rendered":"https:\/\/www.bergheim-tourismus.at\/blog\/?p=1795"},"modified":"2017-07-25T16:49:11","modified_gmt":"2017-07-25T14:49:11","slug":"kraeuterfuehrungen-workshops-im-august","status":"publish","type":"post","link":"https:\/\/www.bergheim-tourismus.at\/blog\/2017\/08\/02\/kraeuterfuehrungen-workshops-im-august\/","title":{"rendered":"Kr\u00e4uterf\u00fchrungen &#038; Workshops im August"},"content":{"rendered":"<p>Der August bietet den Kr\u00e4uterfreunden wieder ein volles Programm: am\u00a0Samstag, 5. August k\u00f6nnen <strong>Kinder<\/strong>\u00a0unter der Anleitung von Kr\u00e4uterp\u00e4dagogin Stefanie Hauser \u00a0erfahren, was sie alles aus <strong>G\u00e4nsebl\u00fcmchen<\/strong> machen k\u00f6nnen.<\/p>\n<p>Am 12. August lehrt uns Kr\u00e4uterp\u00e4dagogin Silja Parke, \u00a0wie man <strong>Kr\u00e4uterb\u00fcschel<\/strong> richtig bindet &amp; welcher Brauchtum sich dahinter verbirgt. Auch Kinder sind dabei herzlich willkommen und d\u00fcrfen kostenfrei mitmachen! Die selbst gebundenen B\u00fcschel k\u00f6nnen dann am 15.8. anl\u00e4sslich der Messen in der Pfarrkirche Bergheim\u00a0(8.30 und 10.00 Uhr) oder in der Wallfahrtsbasilika Maria Plain (10.00 Uhr) bei der\u00a0<strong>Kr\u00e4uterb\u00fcschel-Weihe<\/strong> gesegnet werden.<\/p>\n<p>Spezialtipp mit Kulinarikfaktor: Zu einer <strong>Kr\u00e4uterf\u00fchrung<\/strong>\u00a0mit anschlie\u00dfendem <strong>Kr\u00e4uterpicknick<\/strong> l\u00e4dt am 19. August die Kr\u00e4uterp\u00e4dagogin Silja Parke ein. Yummie!<\/p>\n<p>Bei der Kr\u00e4uterf\u00fchrung am 26. August unter der Leitung von Kr\u00e4uterp\u00e4dagogin Isabell Resch werden die Teilnehmer\u00a0nach der regul\u00e4ren F\u00fchrung mit\u00a0Infos \u00fcber das Sammeln, Ernten und die Verwendung von Kr\u00e4utern auch ein <strong>Spitzwegerichsirup<\/strong>\u00a0unter ihrer Anleitung selbst herstellen.<\/p>\n<p><strong>Doch es ist noch nicht vorbei &#8211; auch im Herbst haben wir jede Menge vor!<\/strong><br \/>\nAlle Termine gibt&#8217;s hier:\u00a0<a href=\"https:\/\/www.bergheim-tourismus.at\/events\/kraeuterfuehrungen-workshops.html\">https:\/\/www.bergheim-tourismus.at\/events\/kraeuterfuehrungen-workshops.html<br \/>\n<\/a><\/p>\n<p>PS: F\u00fcr alle, die mind. 2 mal ein einer Kr\u00e4uterf\u00fchrung oder einem Workshop teilgenommen haben, gibt es auch ein <strong>kleines \u00dcberraschungspr\u00e4sent<\/strong>\u00a0unsererseits! \ud83d\ude42<br \/>\nWir freuen uns auf eure Teilnahme!<\/p>\n<p>Anmeldungen im Tourismusverband Bergheim, T +43 662\/ 454505<br \/>\ninfo@bergheim-tourismus.at<\/p>\n<p>#enjoyBergheim!<\/p>\n","protected":false},"excerpt":{"rendered":"<p>Der August bietet den Kr\u00e4uterfreunden wieder ein volles Programm: am\u00a0Samstag, 5. August k\u00f6nnen Kinder\u00a0unter der Anleitung von Kr\u00e4uterp\u00e4dagogin Stefanie Hauser \u00a0erfahren, was sie alles aus G\u00e4nsebl\u00fcmchen machen k\u00f6nnen. Am 12. August lehrt uns Kr\u00e4uterp\u00e4dagogin Silja Parke, \u00a0wie man Kr\u00e4uterb\u00fcschel richtig<\/p>\n<p><a class=\"more-link\" href=\"https:\/\/www.bergheim-tourismus.at\/blog\/2017\/08\/02\/kraeuterfuehrungen-workshops-im-august\/\">weiterlesen<\/a><\/p>\n","protected":false},"author":2,"featured_media":1780,"comment_status":"closed","ping_status":"open","sticky":false,"template":"","format":"gallery","meta":{"footnotes":""},"categories":[1],"tags":[7,95,143,113,134],"class_list":["post-1795","post","type-post","status-publish","format-gallery","has-post-thumbnail","hentry","category-allgemein","tag-bergheim","tag-enjoybergheim","tag-kinderkraeuterfuehrung","tag-kraeuter","tag-kraeuterfuehrung","post_format-post-format-gallery"],"_links":{"self":[{"href":"https:\/\/www.bergheim-tourismus.at\/blog\/wp-json\/wp\/v2\/posts\/1795","targetHints":{"allow":["GET"]}}],"collection":[{"href":"https:\/\/www.bergheim-tourismus.at\/blog\/wp-json\/wp\/v2\/posts"}],"about":[{"href":"https:\/\/www.bergheim-tourismus.at\/blog\/wp-json\/wp\/v2\/types\/post"}],"author":[{"embeddable":true,"href":"https:\/\/www.bergheim-tourismus.at\/blog\/wp-json\/wp\/v2\/users\/2"}],"replies":[{"embeddable":true,"href":"https:\/\/www.bergheim-tourismus.at\/blog\/wp-json\/wp\/v2\/comments?post=1795"}],"version-history":[{"count":6,"href":"https:\/\/www.bergheim-tourismus.at\/blog\/wp-json\/wp\/v2\/posts\/1795\/revisions"}],"predecessor-version":[{"id":1899,"href":"https:\/\/www.bergheim-tourismus.at\/blog\/wp-json\/wp\/v2\/posts\/1795\/revisions\/1899"}],"wp:featuredmedia":[{"embeddable":true,"href":"https:\/\/www.bergheim-tourismus.at\/blog\/wp-json\/wp\/v2\/media\/1780"}],"wp:attachment":[{"href":"https:\/\/www.bergheim-tourismus.at\/blog\/wp-json\/wp\/v2\/media?parent=1795"}],"wp:term":[{"taxonomy":"category","embeddable":true,"href":"https:\/\/www.bergheim-tourismus.at\/blog\/wp-json\/wp\/v2\/categories?post=1795"},{"taxonomy":"post_tag","embeddable":true,"href":"https:\/\/www.bergheim-tourismus.at\/blog\/wp-json\/wp\/v2\/tags?post=1795"}],"curies":[{"name":"wp","href":"https:\/\/api.w.org\/{rel}","templated":true}]}}