{"id":1970,"date":"2018-02-27T15:52:46","date_gmt":"2018-02-27T14:52:46","guid":{"rendered":"https:\/\/www.bergheim-tourismus.at\/blog\/?p=1970"},"modified":"2018-02-27T16:14:44","modified_gmt":"2018-02-27T15:14:44","slug":"gschichten-vom-bio-gemuese","status":"publish","type":"post","link":"https:\/\/www.bergheim-tourismus.at\/blog\/2018\/02\/27\/gschichten-vom-bio-gemuese\/","title":{"rendered":"G&#8217;schichten vom Bio-Gem\u00fcse"},"content":{"rendered":"<p><strong>Bio-Gem\u00fcse<\/strong>\u00a0vom <a href=\"http:\/\/www.biohof-schmuckbauer.at\/\" target=\"_blank\" rel=\"noopener\">Bio-Hof Schmuckbauer<\/a> in Oberndorf \u2013 \u201eQualit\u00e4t gepaart mit einer gelebten Erdverbundenheit\u201c &#8211; so haben wir euch letztes Jahr das Credo von Familie Schmuckbauer vom\u00a0 Bergheimer Biobauernmarkt vorgestellt.<br \/>\nUnd weil ich immer alles ganz genau wissen m\u00f6chte (jo, i bin leider so&#8230;.) hat mir Johanna, die immer auch aufm Standl steht, und mir meine hei\u00dfgeliebten Salate etc. verkauft, ein bisschen erz\u00e4hlt, was sich am Hof derzeit so tut:<\/p>\n<p>&#8222;Die meisten unserer Jungpflanzen ziehen wir selber gro\u00df. Dazu lassen wir unsere Samen an einem warmen Pl\u00e4tzchen keimen, und pikieren (vereinzeln), sie, wenn alle &#8222;geschl\u00fcpft&#8220; sind.<br \/>\nAuf den Fotos sieht man schon unsere Paprika und Melanzani Pflanzen, die wir Anfang Februar ausges\u00e4t haben und die jetzt aufs Pikieren warten. In unsere T\u00f6pfe kommt ausschlie\u00dflich torffreie Erde, ged\u00fcngt wird mit Schafwollpellets und Brennesseljauche. (Aha, denke ich mir, das mit der Brennesseljauche hab ich bei unseren\u00a0<a href=\"https:\/\/www.bergheim-tourismus.at\/events\/kraeuterfuehrungen-workshops.html\" target=\"_blank\" rel=\"noopener\">Kr\u00e4uterf\u00fchrungen<\/a>\u00a0gelernt. Garten hab ich selbst keinen, aber bei meiner Mutter kann ich mich da austoben&#8230;.)<br \/>\nJohanna weiter: &#8222;Die <a href=\"https:\/\/www.umweltberatung.at\/bluetenpracht-aus-torffreier-erde\" target=\"_blank\" rel=\"noopener\">torffreie Erde<\/a>\u00a0gibt es auch bei <a href=\"http:\/\/www.biohof-schmuckbauer.at\/\" target=\"_blank\" rel=\"noopener\">uns daheim<\/a> zu Ab-Hof-Verkaufs-Zeiten (Do, 17:00-19:30 Uhr, Fr, 9:00 &#8211; 11:30 Uhr) zu kaufen.<br \/>\nUnd in unseren Tunneln ist auch schon einiges los: es w\u00e4chst Vogerlsalat, Kopfsalat, Batavia, Eichblatt rot und gr\u00fcn, Mangold, Petersilie, Knoblauch, Rucola und Spinat.<br \/>\nBei warmem Wetter k\u00f6nnen wir auf Ostern mit der ersten Ernte an eigenen Blattsalaten und Spinat beginnen.&#8220;<\/p>\n<p>Also no a bissal Geduld&#8230;.und die Vorfreude steigt &#8211; gemeinsam mit meinem Wasserpegel im Mund&#8230;<br \/>\n<a href=\"http:\/\/www.eiswerk.at\/biomarkt\/\" target=\"_blank\" rel=\"noopener\">Bio-Bauernmarkt Bergheim<\/a>: jeden Donnerstag 14-18h<br \/>\n\ud83d\ude09 #enjoyBergheim<\/p>\n","protected":false},"excerpt":{"rendered":"<p>Bio-Gem\u00fcse\u00a0vom Bio-Hof Schmuckbauer in Oberndorf \u2013 \u201eQualit\u00e4t gepaart mit einer gelebten Erdverbundenheit\u201c &#8211; so haben wir euch letztes Jahr das Credo von Familie Schmuckbauer vom\u00a0 Bergheimer Biobauernmarkt vorgestellt. Und weil ich immer alles ganz genau wissen m\u00f6chte (jo, i bin<\/p>\n<p><a class=\"more-link\" href=\"https:\/\/www.bergheim-tourismus.at\/blog\/2018\/02\/27\/gschichten-vom-bio-gemuese\/\">weiterlesen<\/a><\/p>\n","protected":false},"author":2,"featured_media":1974,"comment_status":"closed","ping_status":"open","sticky":false,"template":"","format":"gallery","meta":{"footnotes":""},"categories":[2],"tags":[93,165,94,153,95],"class_list":["post-1970","post","type-post","status-publish","format-gallery","has-post-thumbnail","hentry","category-aktuelles","tag-bio","tag-bio-schmeckt","tag-bio-bauernmarkt","tag-bio-produkte","tag-enjoybergheim","post_format-post-format-gallery"],"_links":{"self":[{"href":"https:\/\/www.bergheim-tourismus.at\/blog\/wp-json\/wp\/v2\/posts\/1970","targetHints":{"allow":["GET"]}}],"collection":[{"href":"https:\/\/www.bergheim-tourismus.at\/blog\/wp-json\/wp\/v2\/posts"}],"about":[{"href":"https:\/\/www.bergheim-tourismus.at\/blog\/wp-json\/wp\/v2\/types\/post"}],"author":[{"embeddable":true,"href":"https:\/\/www.bergheim-tourismus.at\/blog\/wp-json\/wp\/v2\/users\/2"}],"replies":[{"embeddable":true,"href":"https:\/\/www.bergheim-tourismus.at\/blog\/wp-json\/wp\/v2\/comments?post=1970"}],"version-history":[{"count":6,"href":"https:\/\/www.bergheim-tourismus.at\/blog\/wp-json\/wp\/v2\/posts\/1970\/revisions"}],"predecessor-version":[{"id":1982,"href":"https:\/\/www.bergheim-tourismus.at\/blog\/wp-json\/wp\/v2\/posts\/1970\/revisions\/1982"}],"wp:featuredmedia":[{"embeddable":true,"href":"https:\/\/www.bergheim-tourismus.at\/blog\/wp-json\/wp\/v2\/media\/1974"}],"wp:attachment":[{"href":"https:\/\/www.bergheim-tourismus.at\/blog\/wp-json\/wp\/v2\/media?parent=1970"}],"wp:term":[{"taxonomy":"category","embeddable":true,"href":"https:\/\/www.bergheim-tourismus.at\/blog\/wp-json\/wp\/v2\/categories?post=1970"},{"taxonomy":"post_tag","embeddable":true,"href":"https:\/\/www.bergheim-tourismus.at\/blog\/wp-json\/wp\/v2\/tags?post=1970"}],"curies":[{"name":"wp","href":"https:\/\/api.w.org\/{rel}","templated":true}]}}